{"id":3028,"date":"2026-01-06T18:45:10","date_gmt":"2026-01-06T18:45:10","guid":{"rendered":"https:\/\/ieslasalle.edu.pe\/?p=3028"},"modified":"2026-01-06T18:55:02","modified_gmt":"2026-01-06T18:55:02","slug":"el-auge-de-la-educacion-tecnica-y-el-licenciamiento-minedu","status":"publish","type":"post","link":"https:\/\/ieslasalle.edu.pe\/?p=3028","title":{"rendered":"El auge de la educaci\u00f3n t\u00e9cnica y el licenciamiento MINEDU."},"content":{"rendered":"\t\t<div data-elementor-type=\"wp-post\" data-elementor-id=\"3028\" class=\"elementor elementor-3028\">\n\t\t\t\t\t\t<section class=\"elementor-section elementor-top-section elementor-element elementor-element-177cbd9c dsvy-col-stretched-none dsvy-bg-color-over-image elementor-section-boxed elementor-section-height-default elementor-section-height-default\" data-id=\"177cbd9c\" data-element_type=\"section\" data-e-type=\"section\">\n\t\t\t\t\t\t<div class=\"elementor-container elementor-column-gap-default\">\n\t\t\t\t\t<div class=\"elementor-column elementor-col-100 elementor-top-column elementor-element elementor-element-4863ce7d dsvy-bg-color-over-image\" data-id=\"4863ce7d\" data-element_type=\"column\" data-e-type=\"column\">\n\t\t\t<div class=\"elementor-widget-wrap elementor-element-populated\">\n\t\t\t\t\t\t<div class=\"elementor-element elementor-element-16ab0b6e elementor-widget elementor-widget-text-editor\" data-id=\"16ab0b6e\" data-element_type=\"widget\" data-e-type=\"widget\" data-widget_type=\"text-editor.default\">\n\t\t\t\t<div class=\"elementor-widget-container\">\n\t\t\t\t\t\t\t\t\t\n<article style=\"background: #fff; padding: 30px; border-radius: 8px; box-shadow: 0 4px 12px rgba(0,0,0,0.08); margin-bottom: 40px; font-family: 'Segoe UI', sans-serif;\"><span style=\"background-color: #d71920; color: white; padding: 4px 12px; border-radius: 4px; font-size: 0.8rem; text-transform: uppercase; letter-spacing: 1px;\">Nacional<\/span>\n<h2 style=\"color: #002855; margin-top: 15px; font-size: 2rem;\">MINEDU confirma: La demanda de profesionales t\u00e9cnicos crece un 30% en el Per\u00fa<\/h2>\n<p style=\"color: #555; line-height: 1.6;\">El Ministerio de Educaci\u00f3n (MINEDU) ha revelado cifras alentadoras para el sector de educaci\u00f3n superior tecnol\u00f3gica. En el \u00faltimo a\u00f1o, la demanda laboral de profesionales t\u00e9cnicos titulados ha superado las expectativas, especialmente en sectores productivos clave.<\/p>\n<div id='gallery-1' class='gallery galleryid-3028 gallery-columns-3 gallery-size-thumbnail'><figure class='gallery-item'>\n\t\t\t<div class='gallery-icon landscape'>\n\t\t\t\t<a href='https:\/\/ieslasalle.edu.pe\/?attachment_id=3029'><img decoding=\"async\" width=\"150\" height=\"150\" src=\"https:\/\/ieslasalle.edu.pe\/wp-content\/uploads\/2026\/01\/1245123-0j4a4973-150x150.jpg\" class=\"attachment-thumbnail size-thumbnail\" alt=\"\" srcset=\"https:\/\/ieslasalle.edu.pe\/wp-content\/uploads\/2026\/01\/1245123-0j4a4973-150x150.jpg 150w, https:\/\/ieslasalle.edu.pe\/wp-content\/uploads\/2026\/01\/1245123-0j4a4973-770x770.jpg 770w, https:\/\/ieslasalle.edu.pe\/wp-content\/uploads\/2026\/01\/1245123-0j4a4973-300x300.jpg 300w\" sizes=\"(max-width: 150px) 100vw, 150px\" \/><\/a>\n\t\t\t<\/div><\/figure><figure class='gallery-item'>\n\t\t\t<div class='gallery-icon landscape'>\n\t\t\t\t<a href='https:\/\/ieslasalle.edu.pe\/?attachment_id=3031'><img decoding=\"async\" width=\"150\" height=\"150\" src=\"https:\/\/ieslasalle.edu.pe\/wp-content\/uploads\/2026\/01\/1245123-0j4a5217-150x150.jpg\" class=\"attachment-thumbnail size-thumbnail\" alt=\"\" srcset=\"https:\/\/ieslasalle.edu.pe\/wp-content\/uploads\/2026\/01\/1245123-0j4a5217-150x150.jpg 150w, https:\/\/ieslasalle.edu.pe\/wp-content\/uploads\/2026\/01\/1245123-0j4a5217-770x770.jpg 770w, https:\/\/ieslasalle.edu.pe\/wp-content\/uploads\/2026\/01\/1245123-0j4a5217-300x300.jpg 300w\" sizes=\"(max-width: 150px) 100vw, 150px\" \/><\/a>\n\t\t\t<\/div><\/figure>\n\t\t<\/div>\n\n<p style=\"color: #555; line-height: 1.6;\"><strong>La importancia del Licenciamiento:<\/strong> Instituciones que cuentan con el licenciamiento oficial, como el <em>IES La Salle<\/em>, garantizan est\u00e1ndares b\u00e1sicos de calidad que el mercado laboral valora hoy m\u00e1s que nunca. Las empresas buscan egresados con capacidades pr\u00e1cticas inmediatas y formaci\u00f3n en valores.<\/p>\n<ul style=\"color: #444; margin: 20px 0; padding-left: 20px;\">\n<li style=\"margin-bottom: 10px;\">Mayor empleabilidad en el primer a\u00f1o de egreso.<\/li>\n<li style=\"margin-bottom: 10px;\">Salarios competitivos en el sector industrial y de servicios.<\/li>\n<li style=\"margin-bottom: 10px;\">Oportunidades de convalidaci\u00f3n universitaria.<\/li>\n<\/ul>\n<a style=\"display: inline-block; text-decoration: none; color: #002855; font-weight: bold; border-bottom: 2px solid #d71920;\" href=\"https:\/\/www.gob.pe\/institucion\/minedu\/noticias\/1245123-gobierno-abre-mayores-oportunidades-para-los-jovenes-en-carreras-tecnicas-de-alta-demanda-laboral\">Leer noticia completa \u2192<\/a><\/article>\n\t\t\t\t\t\t\t\t<\/div>\n\t\t\t\t<\/div>\n\t\t\t\t\t<\/div>\n\t\t<\/div>\n\t\t\t\t\t<\/div>\n\t\t<\/section>\n\t\t\t\t<\/div>\n\t\t","protected":false},"excerpt":{"rendered":"<p>Nacional MINEDU confirma: La demanda de profesionales t\u00e9cnicos crece un 30% en el Per\u00fa El Ministerio de Educaci\u00f3n (MINEDU) ha revelado cifras alentadoras para el sector de educaci\u00f3n superior tecnol\u00f3gica. En el \u00faltimo a\u00f1o, la demanda laboral de profesionales t\u00e9cnicos titulados ha superado las expectativas, especialmente en sectores productivos clave. La importancia del Licenciamiento: Instituciones que cuentan con el licenciamiento oficial, como el IES La Salle, garantizan est\u00e1ndares b\u00e1sicos de[&hellip;]<\/p>\n","protected":false},"author":1,"featured_media":3031,"comment_status":"open","ping_status":"open","sticky":false,"template":"","format":"standard","meta":{"page_builder":"","footnotes":""},"categories":[1],"tags":[],"class_list":["post-3028","post","type-post","status-publish","format-standard","has-post-thumbnail","hentry","category-uncategorized"],"_links":{"self":[{"href":"https:\/\/ieslasalle.edu.pe\/index.php?rest_route=\/wp\/v2\/posts\/3028","targetHints":{"allow":["GET"]}}],"collection":[{"href":"https:\/\/ieslasalle.edu.pe\/index.php?rest_route=\/wp\/v2\/posts"}],"about":[{"href":"https:\/\/ieslasalle.edu.pe\/index.php?rest_route=\/wp\/v2\/types\/post"}],"author":[{"embeddable":true,"href":"https:\/\/ieslasalle.edu.pe\/index.php?rest_route=\/wp\/v2\/users\/1"}],"replies":[{"embeddable":true,"href":"https:\/\/ieslasalle.edu.pe\/index.php?rest_route=%2Fwp%2Fv2%2Fcomments&post=3028"}],"version-history":[{"count":4,"href":"https:\/\/ieslasalle.edu.pe\/index.php?rest_route=\/wp\/v2\/posts\/3028\/revisions"}],"predecessor-version":[{"id":3039,"href":"https:\/\/ieslasalle.edu.pe\/index.php?rest_route=\/wp\/v2\/posts\/3028\/revisions\/3039"}],"wp:featuredmedia":[{"embeddable":true,"href":"https:\/\/ieslasalle.edu.pe\/index.php?rest_route=\/wp\/v2\/media\/3031"}],"wp:attachment":[{"href":"https:\/\/ieslasalle.edu.pe\/index.php?rest_route=%2Fwp%2Fv2%2Fmedia&parent=3028"}],"wp:term":[{"taxonomy":"category","embeddable":true,"href":"https:\/\/ieslasalle.edu.pe\/index.php?rest_route=%2Fwp%2Fv2%2Fcategories&post=3028"},{"taxonomy":"post_tag","embeddable":true,"href":"https:\/\/ieslasalle.edu.pe\/index.php?rest_route=%2Fwp%2Fv2%2Ftags&post=3028"}],"curies":[{"name":"wp","href":"https:\/\/api.w.org\/{rel}","templated":true}]}}